{"@context":"https:\/\/schema.org\/","@type":"CollectionPage","@id":"https:\/\/www.elicar.cz\/vzdelani\/#CollectionPage","headline":"Vzd\u011bl\u00e1n\u00ed Category","description":"","url":"https:\/\/www.elicar.cz\/vzdelani\/","hasPart":[{"@type":"Article","@id":"https:\/\/www.elicar.cz\/jsou-lepsi-statni-ci-soukrome-skoly\/","headline":"Jsou lep\u0161\u00ed st\u00e1tn\u00ed \u010di soukrom\u00e9 \u0161koly?","url":"https:\/\/www.elicar.cz\/jsou-lepsi-statni-ci-soukrome-skoly\/","datePublished":"2023-11-06","dateModified":"2023-12-07","mainEntityOfPage":"https:\/\/www.elicar.cz\/jsou-lepsi-statni-ci-soukrome-skoly\/","author":{"@type":"Person","@id":"https:\/\/www.elicar.cz\/author\/#Person","name":"","url":"https:\/\/www.elicar.cz\/author\/","identifier":1,"image":{"@type":"ImageObject","@id":"https:\/\/secure.gravatar.com\/avatar\/4e1219daed488a40aaae5f3a36d7a332441b6e7a97d465811f6633d3359f64e8?s=96&d=mm&r=g","url":"https:\/\/secure.gravatar.com\/avatar\/4e1219daed488a40aaae5f3a36d7a332441b6e7a97d465811f6633d3359f64e8?s=96&d=mm&r=g","height":96,"width":96}},"publisher":{"@type":"Organization","name":"elicar.cz","logo":{"@type":"ImageObject","@id":"\/logo.png","url":"\/logo.png","width":600,"height":60}},"image":{"@type":"ImageObject","@id":"https:\/\/www.elicar.cz\/wp-content\/uploads\/skola2_10_2.jpg","url":"https:\/\/www.elicar.cz\/wp-content\/uploads\/skola2_10_2.jpg","height":0,"width":0},"keywords":null},{"@type":"Article","@id":"https:\/\/www.elicar.cz\/proc-stale-vice-lidi-voli-domaci-skolu\/","headline":"Pro\u010d st\u00e1le v\u00edce lid\u00ed vol\u00ed dom\u00e1c\u00ed \u0161kolu","url":"https:\/\/www.elicar.cz\/proc-stale-vice-lidi-voli-domaci-skolu\/","datePublished":"2023-09-30","dateModified":"2024-01-31","mainEntityOfPage":"https:\/\/www.elicar.cz\/proc-stale-vice-lidi-voli-domaci-skolu\/","author":{"@type":"Person","@id":"https:\/\/www.elicar.cz\/author\/#Person","name":"","url":"https:\/\/www.elicar.cz\/author\/","identifier":1,"image":{"@type":"ImageObject","@id":"https:\/\/secure.gravatar.com\/avatar\/4e1219daed488a40aaae5f3a36d7a332441b6e7a97d465811f6633d3359f64e8?s=96&d=mm&r=g","url":"https:\/\/secure.gravatar.com\/avatar\/4e1219daed488a40aaae5f3a36d7a332441b6e7a97d465811f6633d3359f64e8?s=96&d=mm&r=g","height":96,"width":96}},"publisher":{"@type":"Organization","name":"elicar.cz","logo":{"@type":"ImageObject","@id":"\/logo.png","url":"\/logo.png","width":600,"height":60}},"image":{"@type":"ImageObject","@id":"https:\/\/www.elicar.cz\/wp-content\/uploads\/skolka2_2.jpg","url":"https:\/\/www.elicar.cz\/wp-content\/uploads\/skolka2_2.jpg","height":0,"width":0},"keywords":null},{"@type":"Article","@id":"https:\/\/www.elicar.cz\/vyuceny-clovek-muze-mit-plat-jako-manazer\/","headline":"Vyu\u010den\u00fd \u010dlov\u011bk m\u016f\u017ee m\u00edt plat jako mana\u017eer","url":"https:\/\/www.elicar.cz\/vyuceny-clovek-muze-mit-plat-jako-manazer\/","datePublished":"2023-08-28","dateModified":"2024-03-28","mainEntityOfPage":"https:\/\/www.elicar.cz\/vyuceny-clovek-muze-mit-plat-jako-manazer\/","author":{"@type":"Person","@id":"https:\/\/www.elicar.cz\/author\/#Person","name":"","url":"https:\/\/www.elicar.cz\/author\/","identifier":1,"image":{"@type":"ImageObject","@id":"https:\/\/secure.gravatar.com\/avatar\/4e1219daed488a40aaae5f3a36d7a332441b6e7a97d465811f6633d3359f64e8?s=96&d=mm&r=g","url":"https:\/\/secure.gravatar.com\/avatar\/4e1219daed488a40aaae5f3a36d7a332441b6e7a97d465811f6633d3359f64e8?s=96&d=mm&r=g","height":96,"width":96}},"publisher":{"@type":"Organization","name":"elicar.cz","logo":{"@type":"ImageObject","@id":"\/logo.png","url":"\/logo.png","width":600,"height":60}},"image":{"@type":"ImageObject","@id":"https:\/\/www.elicar.cz\/wp-content\/uploads\/office-620822_640_10_7.jpg","url":"https:\/\/www.elicar.cz\/wp-content\/uploads\/office-620822_640_10_7.jpg","height":0,"width":0},"keywords":null},{"@type":"Article","@id":"https:\/\/www.elicar.cz\/co-delat-kdyz-se-potrebujete-uzemnit\/","headline":"Co d\u011blat, kdy\u017e se pot\u0159ebujete uzemnit?","url":"https:\/\/www.elicar.cz\/co-delat-kdyz-se-potrebujete-uzemnit\/","datePublished":"2023-06-20","dateModified":"2024-05-20","mainEntityOfPage":"https:\/\/www.elicar.cz\/co-delat-kdyz-se-potrebujete-uzemnit\/","author":{"@type":"Person","@id":"https:\/\/www.elicar.cz\/author\/#Person","name":"","url":"https:\/\/www.elicar.cz\/author\/","identifier":1,"image":{"@type":"ImageObject","@id":"https:\/\/secure.gravatar.com\/avatar\/4e1219daed488a40aaae5f3a36d7a332441b6e7a97d465811f6633d3359f64e8?s=96&d=mm&r=g","url":"https:\/\/secure.gravatar.com\/avatar\/4e1219daed488a40aaae5f3a36d7a332441b6e7a97d465811f6633d3359f64e8?s=96&d=mm&r=g","height":96,"width":96}},"publisher":{"@type":"Organization","name":"elicar.cz","logo":{"@type":"ImageObject","@id":"\/logo.png","url":"\/logo.png","width":600,"height":60}},"image":{"@type":"ImageObject","@id":"https:\/\/www.elicar.cz\/wp-content\/uploads\/pexels-pixabay-56617_2.jpg","url":"https:\/\/www.elicar.cz\/wp-content\/uploads\/pexels-pixabay-56617_2.jpg","height":0,"width":0},"keywords":null},{"@type":"Article","@id":"https:\/\/www.elicar.cz\/dulezite-vzdelani\/","headline":"D\u016fle\u017eit\u00e9 vzd\u011bl\u00e1n\u00ed","url":"https:\/\/www.elicar.cz\/dulezite-vzdelani\/","datePublished":"2023-04-15","dateModified":"2023-12-20","mainEntityOfPage":"https:\/\/www.elicar.cz\/dulezite-vzdelani\/","author":{"@type":"Person","@id":"https:\/\/www.elicar.cz\/author\/#Person","name":"","url":"https:\/\/www.elicar.cz\/author\/","identifier":1,"image":{"@type":"ImageObject","@id":"https:\/\/secure.gravatar.com\/avatar\/4e1219daed488a40aaae5f3a36d7a332441b6e7a97d465811f6633d3359f64e8?s=96&d=mm&r=g","url":"https:\/\/secure.gravatar.com\/avatar\/4e1219daed488a40aaae5f3a36d7a332441b6e7a97d465811f6633d3359f64e8?s=96&d=mm&r=g","height":96,"width":96}},"publisher":{"@type":"Organization","name":"elicar.cz","logo":{"@type":"ImageObject","@id":"\/logo.png","url":"\/logo.png","width":600,"height":60}},"image":{"@type":"ImageObject","@id":"https:\/\/www.elicar.cz\/wp-content\/uploads\/calculator-178127_1280.jpg","url":"https:\/\/www.elicar.cz\/wp-content\/uploads\/calculator-178127_1280.jpg","height":0,"width":0},"keywords":null},{"@type":"Article","@id":"https:\/\/www.elicar.cz\/moje-vzdelani\/","headline":"Moje vzd\u011bl\u00e1n\u00ed","url":"https:\/\/www.elicar.cz\/moje-vzdelani\/","datePublished":"2023-04-03","dateModified":"2024-01-03","mainEntityOfPage":"https:\/\/www.elicar.cz\/moje-vzdelani\/","author":{"@type":"Person","@id":"https:\/\/www.elicar.cz\/author\/#Person","name":"","url":"https:\/\/www.elicar.cz\/author\/","identifier":1,"image":{"@type":"ImageObject","@id":"https:\/\/secure.gravatar.com\/avatar\/4e1219daed488a40aaae5f3a36d7a332441b6e7a97d465811f6633d3359f64e8?s=96&d=mm&r=g","url":"https:\/\/secure.gravatar.com\/avatar\/4e1219daed488a40aaae5f3a36d7a332441b6e7a97d465811f6633d3359f64e8?s=96&d=mm&r=g","height":96,"width":96}},"publisher":{"@type":"Organization","name":"elicar.cz","logo":{"@type":"ImageObject","@id":"\/logo.png","url":"\/logo.png","width":600,"height":60}},"image":{"@type":"ImageObject","@id":"https:\/\/www.elicar.cz\/wp-content\/uploads\/books-1012088_1280.jpg","url":"https:\/\/www.elicar.cz\/wp-content\/uploads\/books-1012088_1280.jpg","height":0,"width":0},"keywords":null}]}