[{"@context":"https:\/\/schema.org\/","@type":"Article","@id":"https:\/\/www.elicar.cz\/spojte-se-s-clovekem-ktery-navrhuje-interiery\/#Article","mainEntityOfPage":"https:\/\/www.elicar.cz\/spojte-se-s-clovekem-ktery-navrhuje-interiery\/","headline":"Spojte se s \u010dlov\u011bkem, kter\u00fd navrhuje interi\u00e9ry","name":"Spojte se s \u010dlov\u011bkem, kter\u00fd navrhuje interi\u00e9ry","description":"Pokud by v\u00e1m mohlo pomoci se s n\u011bk\u00fdm spojit, pak je to s \u010dlov\u011bkem, kter\u00fd navrhuje interi\u00e9ry Praha https:\/\/evalofa.com\/. Je mnoho lid\u00ed, kte\u0159\u00ed by si p\u0159\u00e1li, aby jejich interi\u00e9r vypadal skute\u010dn\u011b dob\u0159e, jeliko\u017e ani oni sami s n\u00edm nejsou spokojeni. Dan\u00fd \u010dlov\u011bk si sice m\u016f\u017ee vymyslet, jak to ud\u011blat, tak, aby se mu dan\u00fd interi\u00e9r...","datePublished":"2023-11-19","dateModified":"2023-12-20","author":{"@type":"Person","@id":"https:\/\/www.elicar.cz\/author\/#Person","name":"","url":"https:\/\/www.elicar.cz\/author\/","identifier":1,"image":{"@type":"ImageObject","@id":"https:\/\/secure.gravatar.com\/avatar\/4e1219daed488a40aaae5f3a36d7a332441b6e7a97d465811f6633d3359f64e8?s=96&d=mm&r=g","url":"https:\/\/secure.gravatar.com\/avatar\/4e1219daed488a40aaae5f3a36d7a332441b6e7a97d465811f6633d3359f64e8?s=96&d=mm&r=g","height":96,"width":96}},"publisher":{"@type":"Organization","name":"elicar.cz","logo":{"@type":"ImageObject","@id":"\/logo.png","url":"\/logo.png","width":600,"height":60}},"image":{"@type":"ImageObject","@id":"https:\/\/www.elicar.cz\/wp-content\/uploads\/living-room-2155376_1280_1.jpg","url":"https:\/\/www.elicar.cz\/wp-content\/uploads\/living-room-2155376_1280_1.jpg","height":0,"width":0},"url":"https:\/\/www.elicar.cz\/spojte-se-s-clovekem-ktery-navrhuje-interiery\/","about":["Zahrada a d\u016fm"],"wordCount":449,"articleBody":"   Pokud by v\u00e1m mohlo pomoci se s n\u011bk\u00fdm spojit, pak je to s \u010dlov\u011bkem, kter\u00fd navrhuje interi\u00e9ry Praha https:\/\/evalofa.com\/. Je mnoho lid\u00ed, kte\u0159\u00ed by si p\u0159\u00e1li, aby jejich interi\u00e9r vypadal skute\u010dn\u011b dob\u0159e, jeliko\u017e ani oni sami s n\u00edm nejsou spokojeni. Dan\u00fd \u010dlov\u011bk si sice m\u016f\u017ee vymyslet, jak to ud\u011blat, tak, aby se mu dan\u00fd interi\u00e9r l\u00edbil, ale kolikr\u00e1t ani n\u011bco takov\u00e9ho nen\u00ed ono a stejn\u011b m\u00e1 \u010dlov\u011bk s ur\u010dit\u00fdmi v\u011bcmi probl\u00e9m. Mnoh\u00fdm lidem z\u00e1le\u017e\u00ed na tom, aby se jejich interi\u00e9r l\u00edbil nejen samotn\u00e9mu \u010dlov\u011bku, ale i lidem, kte\u0159\u00ed p\u0159ijdou nap\u0159\u00edklad na n\u00e1v\u0161t\u011bvu. Pokud by v\u00e1m n\u011bkdo mohl s va\u0161im interi\u00e9rem pomoct, je to bytov\u00fd design\u00e9r. Pokud chcete, rozhodn\u011b se na takov\u00e9ho \u010dlov\u011bka m\u016f\u017eete obr\u00e1tit.Je dost mo\u017en\u00e9, \u017ee by se v\u00e1m mohlo hodit, pokud by v\u00e1m n\u011bkdo v ur\u010dit\u00fdch v\u011bcech poradil. Pokud budete m\u00edt z\u00e1jem, je tak\u00e9 mo\u017en\u00e9 vypracovat n\u00e1vrh va\u0161eho interi\u00e9ru ve 3D a spole\u010dn\u011b vy\u0159e\u0161it, jak dan\u00e9 prostory upravit a co do nich po\u0159\u00eddit, abyste z nich byli nad\u0161eni. Kolikr\u00e1t sta\u010d\u00ed jen p\u00e1r drobnost\u00ed a dan\u00fd interi\u00e9r najednou p\u016fsob\u00ed \u00fapln\u011b jinak, ne\u017e p\u016fsobil. Mnohdy je to zejm\u00e9na o barv\u00e1ch a tak\u00e9 detailech. Najednou se m\u016f\u017ee st\u00e1t to, \u017ee z interi\u00e9ru, kter\u00fd se v\u00e1m nel\u00edbil, se najednou stane interi\u00e9r, kter\u00fd vypad\u00e1 perfektn\u011b a rozhodn\u011b se bude l\u00edbit v\u0161em. Zkuste i vy promyslet, jestli nekontaktujete n\u011bjakou tu spole\u010dnost, kter\u00e1 by v\u00e1m mohla s n\u00e1vrhem va\u0161eho interi\u00e9ru pomoct. Skute\u010dn\u011b i vy m\u016f\u017eete m\u00edt n\u00e1dhern\u00fd interi\u00e9r, kter\u00fd se bude l\u00edbit. D\u016fle\u017eit\u00e9 je, aby se l\u00edbil hlavn\u011b \u010dlov\u011bku, kter\u00fd v dan\u00e9m dom\u011b \u010di byt\u011b \u017eije. To, co si mysl\u00ed ostatn\u00ed, nen\u00ed a\u017e tak d\u016fle\u017eit\u00e9, ale pokud vy sami nejste spokojeni s t\u00edm, jak v\u00e1\u0161 interi\u00e9r vypad\u00e1, bylo by vhodn\u00e9 to vy\u0159e\u0161it. Je d\u016fle\u017eit\u00e9, aby se \u010dlov\u011bk ve sv\u00e9m interi\u00e9ru c\u00edtil dob\u0159e, pokud tomu tak nen\u00ed, pak je to \u0161patn\u011b. Je pot\u0159eba ud\u011blat v\u0161e proto, abyste se sv\u00fdm bydlen\u00edm byli opravdu spokojeni a nic v\u00e1m v n\u011bm nechyb\u011blo. Ur\u010dit\u011b se nebojte kontaktovat n\u011bkoho, kdo v\u00e1m s n\u011b\u010d\u00edm takov\u00fdm r\u00e1d pom\u016f\u017ee.                                                                                                                                                                                                                                                                                                                                                                                                  "},{"@context":"https:\/\/schema.org\/","@type":"BreadcrumbList","itemListElement":[{"@type":"ListItem","position":1,"name":"Spojte se s \u010dlov\u011bkem, kter\u00fd navrhuje interi\u00e9ry","item":"https:\/\/www.elicar.cz\/spojte-se-s-clovekem-ktery-navrhuje-interiery\/#breadcrumbitem"}]}]