[{"@context":"https:\/\/schema.org\/","@type":"Article","@id":"https:\/\/www.elicar.cz\/kdyz-vydaje-prevysuji-prijmy\/#Article","mainEntityOfPage":"https:\/\/www.elicar.cz\/kdyz-vydaje-prevysuji-prijmy\/","headline":"Kdy\u017e v\u00fddaje p\u0159evy\u0161uj\u00ed p\u0159\u00edjmy","name":"Kdy\u017e v\u00fddaje p\u0159evy\u0161uj\u00ed p\u0159\u00edjmy","description":"Podnik\u00e1n\u00ed je vlastn\u011b trvalou usilovnou snahou o to, aby se ur\u010ditou prac\u00ed vyd\u011blalo v\u00edc, ne\u017e kolik se do t\u00e9to investuje. A\u0165 u\u017e toti\u017e jde prakticky o jak\u00e9hokoliv soukrom\u00e9ho podnikatele, mus\u00ed si tento vyd\u011blat tolik, aby mohl financovat chod sv\u00e9 firmy a je\u0161t\u011b mu zbylo aspo\u0148 na jeho hol\u00e9 \u017eivobyt\u00ed. Bez toho se tu v \u017e\u00e1dn\u00e9m...","datePublished":"2023-02-14","dateModified":"2023-02-14","author":{"@type":"Person","@id":"https:\/\/www.elicar.cz\/author\/#Person","name":"","url":"https:\/\/www.elicar.cz\/author\/","identifier":1,"image":{"@type":"ImageObject","@id":"https:\/\/secure.gravatar.com\/avatar\/4e1219daed488a40aaae5f3a36d7a332441b6e7a97d465811f6633d3359f64e8?s=96&d=mm&r=g","url":"https:\/\/secure.gravatar.com\/avatar\/4e1219daed488a40aaae5f3a36d7a332441b6e7a97d465811f6633d3359f64e8?s=96&d=mm&r=g","height":96,"width":96}},"publisher":{"@type":"Organization","name":"elicar.cz","logo":{"@type":"ImageObject","@id":"\/logo.png","url":"\/logo.png","width":600,"height":60}},"image":{"@type":"ImageObject","@id":"https:\/\/www.elicar.cz\/wp-content\/uploads\/eet-4762567_960_720.jpg","url":"https:\/\/www.elicar.cz\/wp-content\/uploads\/eet-4762567_960_720.jpg","height":0,"width":0},"url":"https:\/\/www.elicar.cz\/kdyz-vydaje-prevysuji-prijmy\/","about":["Www"],"wordCount":419,"articleBody":"   Podnik\u00e1n\u00ed je vlastn\u011b trvalou usilovnou snahou o to, aby se ur\u010ditou prac\u00ed vyd\u011blalo v\u00edc, ne\u017e kolik se do t\u00e9to investuje. A\u0165 u\u017e toti\u017e jde prakticky o jak\u00e9hokoliv soukrom\u00e9ho podnikatele, mus\u00ed si tento vyd\u011blat tolik, aby mohl financovat chod sv\u00e9 firmy a je\u0161t\u011b mu zbylo aspo\u0148 na jeho hol\u00e9 \u017eivobyt\u00ed. Bez toho se tu v \u017e\u00e1dn\u00e9m p\u0159\u00edpad\u011b ned\u00e1 obej\u00edt.Ale podnikatel\u00e9 nejsou v tomto ohledu z\u00e1visl\u00ed jenom sami na sob\u011b a sv\u00e9m sna\u017een\u00ed. Na jejich \u00fasp\u011bchy nebo ne\u00fasp\u011bchy maj\u00ed vliv i jejich z\u00e1kazn\u00edci, kte\u0159\u00ed by m\u011bli b\u00fdt dost hojn\u00ed a dost plat\u00edc\u00ed, co\u017e ale nemus\u00ed b\u00fdt v\u017edy realitou, podnik\u00e1n\u00ed ovliv\u0148uj\u00ed i politick\u00e1 a ekonomick\u00e1 rozhodnut\u00ed st\u00e1tu, od kter\u00e9ho nen\u00ed ani ten nejnez\u00e1vislej\u0161\u00ed podnikatel zcela izolov\u00e1n, a konec konc\u016f se mohou na podnik\u00e1n\u00ed podepisovat i dodavatel\u00e9, i mezin\u00e1rodn\u00ed situace, i doprava, ba klidn\u011b i p\u0159\u00edrodn\u00ed \u017eivly a sez\u00f3nn\u00ed v\u00fdkyvy. A nejsem si jist, na kolik dal\u0161\u00edch aspekt\u016f, kter\u00e9 mohou podnik\u00e1n\u00ed ovliv\u0148ovat, https:\/\/www.irozhlas.cz\/zpravy-domov\/pelta-soudkyn-masinova-odposlechy-ovlivnovani-soudy_1801080601_dp  jsem je\u0161t\u011b zapomn\u011bl.Prost\u011b se podnikatel\u00e9 sna\u017e\u00ed a mus\u00ed sna\u017eit, aby si dost vyd\u011blali. Ale n\u011bkdy se to nemus\u00ed pov\u00e9st. A kdy\u017e pak p\u0159\u00edjmy nesta\u010d\u00ed ani na ty nejpodstatn\u011bj\u0161\u00ed v\u00fddaje, m\u016f\u017ee to dosp\u011bt a\u017e tak daleko, \u017ee to m\u016f\u017ee zachr\u00e1nit u\u017e jenom p\u016fj\u010dka.A ta to tak\u00e9 \u010dasto zachr\u00e1n\u00ed. Ale jen kdy\u017e ji podnikatel dostane. Co\u017e ale nen\u00ed nikdy a nikde automaticky zaru\u010den\u00e9. A zejm\u00e9na soukromn\u00edci, kte\u0159\u00ed maj\u00ed finan\u010dn\u00ed pot\u00ed\u017ee, se s t\u00edm nejednou pot\u00fdkaj\u00ed skute\u010dn\u011b hodn\u011b. \u017d\u00e1daj\u00ed o p\u016fj\u010dky, ale ne a ne n\u011bjakou dostat. Proto\u017ee nejsou takzvan\u011b bonitn\u00ed, nevypad\u00e1 to s nimi tak dob\u0159e, jak by si to poskytovatel\u00e9 p\u016fj\u010dek p\u0159\u00e1li.A kdy\u017e soukromn\u00edk neusp\u011bje t\u0159eba kv\u016fli p\u0159\u00edjm\u016fm a registr\u016fm dlu\u017en\u00edk\u016f v bance? Tak je tu pro n\u011bj \u0159e\u0161en\u00edm podnikatelsk\u00e1 hypot\u00e9ka fahd.cz, kter\u00e1 je dostupn\u00e1 i t\u011bm odm\u00edtnut\u00fdm v bance. Proto\u017ee u t\u00e9 se vy\u017eaduje nam\u00edsto vysok\u00fdch p\u0159\u00edjm\u016f a \u010dist\u00fdch registr\u016f dlu\u017en\u00edk\u016f z\u00e1stava nemovitosti. A kdo se zaru\u010d\u00ed t\u00edmto zp\u016fsobem, nem\u00e1 se z\u00edsk\u00e1v\u00e1n\u00edm nebankovn\u00ed hypot\u00e9ky probl\u00e9m.                                                                                                                                                                                                                                                                                                                                                                                                  "},{"@context":"https:\/\/schema.org\/","@type":"BreadcrumbList","itemListElement":[{"@type":"ListItem","position":1,"name":"Kdy\u017e v\u00fddaje p\u0159evy\u0161uj\u00ed p\u0159\u00edjmy","item":"https:\/\/www.elicar.cz\/kdyz-vydaje-prevysuji-prijmy\/#breadcrumbitem"}]}]