[{"@context":"https:\/\/schema.org\/","@type":"Article","@id":"https:\/\/www.elicar.cz\/idealni-sklenik-primo-u-domu\/#Article","mainEntityOfPage":"https:\/\/www.elicar.cz\/idealni-sklenik-primo-u-domu\/","headline":"Ide\u00e1ln\u00ed sklen\u00edk p\u0159\u00edmo u domu","name":"Ide\u00e1ln\u00ed sklen\u00edk p\u0159\u00edmo u domu","description":"Doba, kdy majitel\u00e9 dom\u016f vlastnili rozs\u00e1hl\u00e9 pozemky, je jaksi pry\u010d. Ve v\u011bt\u0161in\u011b p\u0159\u00edpad\u016f se klade v\u00edce d\u016fraz na bydlen\u00ed a voln\u00e9ho prostoru u domku moc nez\u016fst\u00e1v\u00e1. P\u0159esto si ka\u017ed\u00fd majitel najde n\u011bjak\u00e9 rozm\u00edst\u011bn\u00ed dispozic, aby si vytvo\u0159il rozli\u010dn\u00e9 z\u00f3ny, kter\u00e9 mu budou p\u0159\u00ednosem pro jeho odpo\u010dinek nebo zahradni\u010den\u00ed. Je pravdou, \u017ee takov\u00fd sklen\u00edk je obrovskou...","datePublished":"2023-11-20","dateModified":"2023-12-01","author":{"@type":"Person","@id":"https:\/\/www.elicar.cz\/author\/#Person","name":"","url":"https:\/\/www.elicar.cz\/author\/","identifier":1,"image":{"@type":"ImageObject","@id":"https:\/\/secure.gravatar.com\/avatar\/4e1219daed488a40aaae5f3a36d7a332441b6e7a97d465811f6633d3359f64e8?s=96&d=mm&r=g","url":"https:\/\/secure.gravatar.com\/avatar\/4e1219daed488a40aaae5f3a36d7a332441b6e7a97d465811f6633d3359f64e8?s=96&d=mm&r=g","height":96,"width":96}},"publisher":{"@type":"Organization","name":"elicar.cz","logo":{"@type":"ImageObject","@id":"\/logo.png","url":"\/logo.png","width":600,"height":60}},"image":{"@type":"ImageObject","@id":"https:\/\/www.elicar.cz\/wp-content\/uploads\/sklenik_ke_zdi_C9S7Km.jpg","url":"https:\/\/www.elicar.cz\/wp-content\/uploads\/sklenik_ke_zdi_C9S7Km.jpg","height":0,"width":0},"url":"https:\/\/www.elicar.cz\/idealni-sklenik-primo-u-domu\/","about":["N\u00e1kupy"],"wordCount":448,"articleBody":"      Doba, kdy majitel\u00e9 dom\u016f vlastnili rozs\u00e1hl\u00e9 pozemky, je jaksi pry\u010d. Ve v\u011bt\u0161in\u011b p\u0159\u00edpad\u016f se klade v\u00edce d\u016fraz na bydlen\u00ed a voln\u00e9ho prostoru u domku moc nez\u016fst\u00e1v\u00e1. P\u0159esto si ka\u017ed\u00fd majitel najde n\u011bjak\u00e9 rozm\u00edst\u011bn\u00ed dispozic, aby si vytvo\u0159il rozli\u010dn\u00e9 z\u00f3ny, kter\u00e9 mu budou p\u0159\u00ednosem pro jeho odpo\u010dinek nebo zahradni\u010den\u00ed. Je pravdou, \u017ee takov\u00fd sklen\u00edk je obrovskou pomoc\u00ed, ale co kdy\u017e na n\u011bj nem\u00e1te prostor, kam byste ho um\u00edstili? Ur\u010dit\u011b v\u00e1s pot\u011b\u0161\u00ed, \u017ee se nemus\u00edte vzd\u00e1t sv\u00e9ho snu a v\u011b\u010dn\u00e9ho kdyby. To samoz\u0159ejm\u011b p\u0159ich\u00e1z\u00ed v dob\u011b, kdy velk\u00e9 krupobit\u00ed nebo siln\u00fd d\u00e9\u0161\u0165 a v\u00edtr poni\u010d\u00ed va\u0161i \u00farodu.  N\u00e1\u0161 sklen\u00edk m\u016f\u017eete toti\u017e postavit p\u0159\u00edmo k rodinn\u00e9mu domku. Nedovedete si to dostate\u010dn\u011b p\u0159edstavit? M\u016f\u017eete se pod\u00edvat do na\u0161\u00ed galerie, jak takov\u00fd sklen\u00edk ke st\u011bn\u011b vypad\u00e1 https:\/\/www.skleniky.eu\/eshop\/sklenikove-pristavby a nav\u00edc pro n\u00e1s jako v\u00fdrobce nen\u00ed probl\u00e9m v\u00e1m tento sklen\u00edk dodat i v takov\u00e9 barv\u011b, jako je va\u0161e fas\u00e1da domu. Bude vypadat p\u0159\u00edmo skv\u011ble, a nav\u00edc si ka\u017ed\u00fd bude myslet, \u017ee m\u00e1te skv\u011blou zimn\u00ed nebo letn\u00ed zahradu a od pravdy skute\u010dn\u011b daleko nebude.   Vyberte vhodn\u00e9 m\u00edsto Sklen\u00edk mus\u00edte um\u00edstit tak, aby m\u011bl v\u017edy dostatek sv\u011btla. A to plat\u00ed i v p\u0159\u00edpad\u011b, kdy\u017e si chcete po\u0159\u00eddit sklen\u00edk ke zdi. V pr\u016fb\u011bhu roku ji\u017e m\u00e1te vytipov\u00e1no, kam slun\u00ed\u010dko sv\u00edt\u00ed v\u00edc a kde je nejm\u00e9n\u011b st\u00ednu. Je dobr\u00e9 si uv\u011bdomit, \u017ee zase tak moc nep\u016fjde o letn\u00ed m\u011bs\u00edce, proto\u017ee to je celkov\u011b teplo a p\u0159\u00edjemn\u00e9 po\u010das\u00ed, ale sp\u00ed\u0161e o jarn\u00ed a podzimn\u00ed m\u011bs\u00edce. To v\u00e1m toti\u017e umo\u017en\u00ed p\u011bstovat zeleninu nebo bylinky i v tento \u010das, kdy zrovna budete pot\u0159ebovat nejv\u00edce slune\u010dn\u00edho sv\u011btla. Ur\u010dit\u011b je nutn\u00e9 vybrat i takov\u00e9 m\u00edsto, kde je nejm\u00e9n\u011b pr\u016fvanu nebo p\u0159\u00edli\u0161 v\u011btrn\u00e9 m\u00edsto. V\u00edtr je toti\u017e pom\u011brn\u011b velk\u00fd nezbeda a v\u00e1\u0161 sklen\u00edk bude sp\u00ed\u0161e ochlazovat, co\u017e zrovna nen\u00ed moc ide\u00e1ln\u00ed. Kdy\u017e m\u00e1te vybran\u00e9 m\u00edsto, sta\u010d\u00ed pom\u011b\u0159it, jak velk\u00fd by mohl sklen\u00edk b\u00fdt a pod\u00edvat se na na\u0161i nab\u00eddku. V p\u0159\u00edpad\u011b dotaz\u016f se nev\u00e1hejte na n\u00e1s obr\u00e1tit, r\u00e1di v\u00e1m pom\u016f\u017eeme vybrat odpov\u00eddaj\u00edc\u00ed produkt.                                                                                                                                                                                                                                                                                                                                                                                                  "},{"@context":"https:\/\/schema.org\/","@type":"BreadcrumbList","itemListElement":[{"@type":"ListItem","position":1,"name":"Ide\u00e1ln\u00ed sklen\u00edk p\u0159\u00edmo u domu","item":"https:\/\/www.elicar.cz\/idealni-sklenik-primo-u-domu\/#breadcrumbitem"}]}]