[{"@context":"https:\/\/schema.org\/","@type":"Article","@id":"https:\/\/www.elicar.cz\/grafika-v-brne\/#Article","mainEntityOfPage":"https:\/\/www.elicar.cz\/grafika-v-brne\/","headline":"Grafika v Brn\u011b","name":"Grafika v Brn\u011b","description":"Grafika je n\u011bco, co je opravdu hodn\u011b d\u016fle\u017eit\u00e9, a pokud t\u0159eba m\u00e1te n\u011bjakou firmu anebo chcete zakl\u00e1dat n\u011bjakou firmu, tak samoz\u0159ejm\u011b tak\u00e9 budete pot\u0159ebovat n\u011bjak\u00fd internetov\u00fd marketing anebo tak\u00e9 dal\u0161\u00ed internetov\u00e9 slu\u017eby. Nap\u0159\u00edklad pokud t\u0159eba m\u00e1te e-shop anebo n\u011bco podobn\u00e9ho, tak byste tak\u00e9 mohli spolupracovat s n\u011bjak\u00fdm grafick\u00fdm studiem a nap\u0159\u00edklad bych doporu\u010dila jedno grafick\u00e9...","datePublished":"2023-12-18","dateModified":"2024-01-18","author":{"@type":"Person","@id":"https:\/\/www.elicar.cz\/author\/#Person","name":"","url":"https:\/\/www.elicar.cz\/author\/","identifier":1,"image":{"@type":"ImageObject","@id":"https:\/\/secure.gravatar.com\/avatar\/4e1219daed488a40aaae5f3a36d7a332441b6e7a97d465811f6633d3359f64e8?s=96&d=mm&r=g","url":"https:\/\/secure.gravatar.com\/avatar\/4e1219daed488a40aaae5f3a36d7a332441b6e7a97d465811f6633d3359f64e8?s=96&d=mm&r=g","height":96,"width":96}},"publisher":{"@type":"Organization","name":"elicar.cz","logo":{"@type":"ImageObject","@id":"\/logo.png","url":"\/logo.png","width":600,"height":60}},"image":{"@type":"ImageObject","@id":"https:\/\/www.elicar.cz\/wp-content\/uploads\/black-and-white-1892462_1280.jpg","url":"https:\/\/www.elicar.cz\/wp-content\/uploads\/black-and-white-1892462_1280.jpg","height":0,"width":0},"url":"https:\/\/www.elicar.cz\/grafika-v-brne\/","about":["Spole\u010dnosti"],"wordCount":402,"articleBody":"   Grafika je n\u011bco, co je opravdu hodn\u011b d\u016fle\u017eit\u00e9, a pokud t\u0159eba m\u00e1te n\u011bjakou firmu anebo chcete zakl\u00e1dat n\u011bjakou firmu, tak samoz\u0159ejm\u011b tak\u00e9 budete pot\u0159ebovat n\u011bjak\u00fd internetov\u00fd marketing anebo tak\u00e9 dal\u0161\u00ed internetov\u00e9 slu\u017eby. Nap\u0159\u00edklad pokud t\u0159eba m\u00e1te e-shop anebo n\u011bco podobn\u00e9ho, tak byste tak\u00e9 mohli spolupracovat s n\u011bjak\u00fdm grafick\u00fdm studiem a nap\u0159\u00edklad bych doporu\u010dila jedno grafick\u00e9 studio v Brn\u011b. J\u00e1 sama jsem tam byla dlouholet\u00fdm klientem a tak\u00e9 jsem tam m\u011bla brig\u00e1du. Byly to kr\u00e1sn\u00e9 grafick\u00e9 pr\u00e1ce v Brn\u011b https:\/\/www.imperialmedia.cz\/graficke-studio-brno\/. Brn\u011bnsk\u00e9 grafick\u00e9 pr\u00e1ce se v\u00e1m opravdu vyplat\u00ed, proto\u017ee maj\u00ed mnohaletou zku\u0161enost a maj\u00ed tam sam\u00e9 kvalitn\u00ed a profesion\u00e1ln\u00ed zam\u011bstnance. M\u011b samotn\u00e9 se to moc l\u00edbilo a \u0159ekla jsem si, \u017ee kdybych n\u011bkdy pot\u0159ebovala grafick\u00e9 pr\u00e1ce anebo grafickou \u00fapravu webu anebo t\u0159eba \u00fapravu fotek \u010di obr\u00e1zk\u016f, tak se samoz\u0159ejm\u011b obr\u00e1t\u00edm na grafick\u00e9 pr\u00e1ce v Brn\u011b. J\u00e1 sama jsem s brn\u011bnsk\u00fdmi slu\u017ebami opravdu nadm\u00edru spokojen\u00e1, dokonce i n\u00e1\u0161 pan u\u010ditel \u0159\u00edkal, \u017ee i on kdysi tam byl tak\u00e9 na st\u00e1\u017ei a \u0159ekl, \u017ee pr\u00e1v\u011b grafick\u00e9 pr\u00e1ce a grafick\u00e9 studio v Brn\u011b je opravdu tou nejlep\u0161\u00ed volbou, co m\u016f\u017eete ud\u011blat. Tak\u00e9 jsem tohle nab\u00eddla sv\u00e9mu bratrovi, kter\u00fd pr\u00e1v\u011b za\u010d\u00edn\u00e1 se sv\u00fdm e-shopem. Bude tam prod\u00e1vat n\u00e1\u0159ad\u00ed a tak\u00e9 hrnce. Mysl\u00edm si, \u017ee kdy\u017e bratr sly\u0161el, \u017ee grafick\u00e9 pr\u00e1ce v Brn\u011b jsou opravdu nejlep\u0161\u00ed a na \u0161pi\u010dkov\u00e9 \u00farovni, tak podle m\u00e9ho n\u00e1zoru bratr tak\u00e9 grafick\u00e9 pr\u00e1ce v Brn\u011b vyu\u017eije. Neud\u011bl\u00e1te chybu, kdy\u017e alespo\u0148 tohle zkus\u00edte anebo vezmete telefon a zkus\u00edte se jich zeptat na v\u00edce informac\u00ed anebo tak\u00e9 na bli\u017e\u0161\u00ed informace. A to v\u010detn\u011b ceny. Tady nejsou nikterak vysok\u00e9. J\u00e1 sama jsem byla s cenovou relac\u00ed opravdu hodn\u011b spokojen\u00e1, a to hlavn\u011b s v\u00fdsledkem. Tady jde vid\u011bt, \u017ee i kvalitn\u00ed pr\u00e1ce na \u0161pi\u010dkov\u00e9 \u00farovni nemus\u00ed st\u00e1t majlant a u\u0161et\u0159\u00edte tak\u00e9 spoustu pen\u011bz. Typovala bych, \u017ee hodn\u011b lid\u00ed u\u017e tak\u00e9 d\u00e1v\u00e1 pr\u00e1v\u011b p\u0159ednost specialist\u016fm a odborn\u00edk\u016fm p\u0159ed n\u011bjak\u00fdm nezku\u0161en\u00fdm lidem.                                                                                                                                                                                                                                                                                                                                                                                                   "},{"@context":"https:\/\/schema.org\/","@type":"BreadcrumbList","itemListElement":[{"@type":"ListItem","position":1,"name":"Grafika v Brn\u011b","item":"https:\/\/www.elicar.cz\/grafika-v-brne\/#breadcrumbitem"}]}]